{"id":1383,"date":"2013-01-28T01:08:14","date_gmt":"2013-01-28T01:08:14","guid":{"rendered":"http:\/\/www.encontraamericana.com.br\/noticias\/?p=1383"},"modified":"2019-04-29T20:37:46","modified_gmt":"2019-04-29T20:37:46","slug":"americana-sindicond-questiona-iptu-na-justica","status":"publish","type":"post","link":"https:\/\/www.encontraamericana.com.br\/sobre\/americana-sindicond-questiona-iptu-na-justica\/","title":{"rendered":"Americana: Sindicond questiona IPTU na Justi\u00e7a"},"content":{"rendered":"<div class=\"a5b19addc3b60ae39ffd01daa729d676\" data-index=\"1\" style=\"float: none; margin:0px;\">\n<!-- Anuncio display - global -->\r\n<ins class=\"adsbygoogle\"\r\n     style=\"display:block\"\r\n     data-ad-client=\"ca-pub-8585364105181520\"\r\n     data-ad-slot=\"8789329856\"\r\n     data-ad-format=\"auto\"\r\n     data-full-width-responsive=\"true\"><\/ins>\r\n<script>\r\n     (adsbygoogle = window.adsbygoogle || []).push({});\r\n<\/script>\n<\/div>\n<p>O Sindicond (Sindicado dos Condom\u00ednios do Estado de S\u00e3o Paulo) vai questionar na Justi\u00e7a a eleva\u00e7\u00e3o do IPTU (Imposto Predial e Territorial Urbano) em mais de 1.000% para 17 condom\u00ednios de alto padr\u00e3o de Americana.<\/p>\n<p>O presidente da entidade, Jos\u00e9 Luiz Bregaida, disse que as reclama\u00e7\u00f5es dos cond\u00f4minos ser\u00e3o compiladas e estudadas em uma reuni\u00e3o com o corpo jur\u00eddico do \u00f3rg\u00e3o, que acontecer\u00e1 no dia 5 de fevereiro. Enquanto isso, como a primeira parcela do imposto vence neste segunda-feira, a orienta\u00e7\u00e3o aos contribuintes \u00e9 para que efetuem o pagamento.<\/p>\n<p>&#8220;Um erro n\u00e3o justifica o outro. Se o contribuinte pagou n\u00e3o quer dizer que ele concorda com o lan\u00e7amento do imposto. Isso ser\u00e1 avaliado depois pela Justi\u00e7a&#8221;, explicou Bregaida. &#8220;Assim que a senten\u00e7a sair, e vai sair vitoriosa, os contribuintes podem receber o dinheiro de volta&#8221;.<\/p>\n<p>Ele disse que o embasamento jur\u00eddico da a\u00e7\u00e3o ainda ser\u00e1 estudado. &#8220;Achei muito estranho que o IPTU dos condom\u00ednios tenha sido reajustado e dos demais im\u00f3veis n\u00e3o&#8221;, ponderou.<\/p>\n<p>&#8220;O prefeito (Diego De Nadai, PSDB) n\u00e3o \u00e9 o todo-poderoso, que faz o que quer com uma canetada. Ele vai ter que provar que investiu tanto em uma determinada regi\u00e3o da cidade e n\u00e3o investiu em outras&#8221;.<\/p>\n<p>Para o sindicalista, a eleva\u00e7\u00e3o do imposto chega a ser uma quest\u00e3o de discrimina\u00e7\u00e3o contra os condom\u00ednios. &#8220;O bairro pode ser rico e n\u00e3o ter recebido investimento nenhum da Prefeitura. Fizeram um &#8216;chut\u00f4metro&#8217; e, se teve algum investimento a mais que os outros bairros, o prefeito ter\u00e1 de provar&#8221;, afirmou.<\/p>\n<p>Ele ainda questionou o fato de a revis\u00e3o da Planta de Valores dos condom\u00ednios ter sido feita somente agora. &#8220;Se havia um erro no lan\u00e7amento, ent\u00e3o o prefeito foi conivente com esse erro por quatro anos. Ent\u00e3o quer dizer que ele foi incompetente no primeiro mandato. Por que esse aumento n\u00e3o foi feito desde o primeiro ano de governo dele? Ou ent\u00e3o por que n\u00e3o foi feito antes das elei\u00e7\u00f5es?&#8221;, questionou.<\/p>\n<p><strong>PREJU\u00cdZOS<\/strong><br \/>\nEle acredita que o valor elevado do IPTU pode at\u00e9 mesmo prejudicar futuros investimentos na cidade. &#8220;Os investidores v\u00e3o pensar duas vezes antes de vir para Americana porque ningu\u00e9m mais vai querer morar em condom\u00ednio&#8221;, avaliou. O sindicalista ressaltou que os contribuintes tamb\u00e9m podem ingressar com a\u00e7\u00f5es individuais para reivindicar a revis\u00e3o do imposto.<\/p>\n<p>A justificativa da Prefeitura de Americana para a readequa\u00e7\u00e3o dos im\u00f3veis na Planta de Valores \u00e9 que eles sofreram valoriza\u00e7\u00e3o no mercado. Anteontem, um grupo de cond\u00f4minos lotou o plen\u00e1rio, durante a sess\u00e3o da C\u00e2mara, mas n\u00e3o conseguiu articular uma reuni\u00e3o com o prefeito para discutir o assunto.<\/p>\n<p><em>Fonte: Jornal O Liberal<\/em><\/p>\n\n<div style=\"font-size: 0px; height: 0px; line-height: 0px; margin: 0; padding: 0; clear: both;\"><\/div>","protected":false},"excerpt":{"rendered":"<p>O Sindicond (Sindicado dos Condom\u00ednios do Estado de S\u00e3o Paulo) vai questionar na Justi\u00e7a a eleva\u00e7\u00e3o do IPTU (Imposto Predial e Territorial Urbano) em mais de 1.000% para 17 condom\u00ednios de alto padr\u00e3o de Americana. O presidente da entidade, Jos\u00e9 Luiz Bregaida, disse que as reclama\u00e7\u00f5es dos cond\u00f4minos ser\u00e3o compiladas e estudadas em uma reuni\u00e3o com o corpo jur\u00eddico do \u00f3rg\u00e3o, que acontecer\u00e1 no dia 5 de fevereiro. Enquanto isso, como a primeira parcela do imposto vence neste segunda-feira, a orienta\u00e7\u00e3o aos contribuintes \u00e9 para que efetuem o pagamento. &#8220;Um erro n\u00e3o justifica o outro. Se o contribuinte pagou n\u00e3o <\/p>\n","protected":false},"author":1,"featured_media":0,"comment_status":"open","ping_status":"closed","sticky":false,"template":"","format":"standard","meta":{"footnotes":""},"categories":[9],"tags":[],"class_list":["post-1383","post","type-post","status-publish","format-standard","hentry","category-noticias-americana"],"aioseo_notices":[],"_links":{"self":[{"href":"https:\/\/www.encontraamericana.com.br\/sobre\/wp-json\/wp\/v2\/posts\/1383","targetHints":{"allow":["GET"]}}],"collection":[{"href":"https:\/\/www.encontraamericana.com.br\/sobre\/wp-json\/wp\/v2\/posts"}],"about":[{"href":"https:\/\/www.encontraamericana.com.br\/sobre\/wp-json\/wp\/v2\/types\/post"}],"author":[{"embeddable":true,"href":"https:\/\/www.encontraamericana.com.br\/sobre\/wp-json\/wp\/v2\/users\/1"}],"replies":[{"embeddable":true,"href":"https:\/\/www.encontraamericana.com.br\/sobre\/wp-json\/wp\/v2\/comments?post=1383"}],"version-history":[{"count":0,"href":"https:\/\/www.encontraamericana.com.br\/sobre\/wp-json\/wp\/v2\/posts\/1383\/revisions"}],"wp:attachment":[{"href":"https:\/\/www.encontraamericana.com.br\/sobre\/wp-json\/wp\/v2\/media?parent=1383"}],"wp:term":[{"taxonomy":"category","embeddable":true,"href":"https:\/\/www.encontraamericana.com.br\/sobre\/wp-json\/wp\/v2\/categories?post=1383"},{"taxonomy":"post_tag","embeddable":true,"href":"https:\/\/www.encontraamericana.com.br\/sobre\/wp-json\/wp\/v2\/tags?post=1383"}],"curies":[{"name":"wp","href":"https:\/\/api.w.org\/{rel}","templated":true}]}}