{"id":2748,"date":"2025-10-26T07:57:00","date_gmt":"2025-10-26T10:57:00","guid":{"rendered":"https:\/\/www.encontraamericana.com.br\/sobre\/ccl-de-americana-recebe-evento-de-samba-e-pagode-no-fim-de-semana\/"},"modified":"2025-10-26T07:57:00","modified_gmt":"2025-10-26T10:57:00","slug":"ccl-de-americana-recebe-evento-de-samba-e-pagode-no-fim-de-semana","status":"publish","type":"post","link":"https:\/\/www.encontraamericana.com.br\/sobre\/ccl-de-americana-recebe-evento-de-samba-e-pagode-no-fim-de-semana\/","title":{"rendered":"CCL de Americana recebe evento de samba e pagode no fim de semana"},"content":{"rendered":"<div class=\"a5b19addc3b60ae39ffd01daa729d676\" data-index=\"1\" style=\"float: none; margin:0px;\">\n<!-- Anuncio display - global -->\r\n<ins class=\"adsbygoogle\"\r\n     style=\"display:block\"\r\n     data-ad-client=\"ca-pub-8585364105181520\"\r\n     data-ad-slot=\"8789329856\"\r\n     data-ad-format=\"auto\"\r\n     data-full-width-responsive=\"true\"><\/ins>\r\n<script>\r\n     (adsbygoogle = window.adsbygoogle || []).push({});\r\n<\/script>\n<\/div>\n<h2>Programa\u00e7\u00e3o Completa do Samba Food Festival<\/h2>\n<p>O <strong>Samba Food Festival<\/strong> em Americana promete uma programa\u00e7\u00e3o repleta de atra\u00e7\u00f5es para os amantes do samba e da boa gastronomia. O evento acontecer\u00e1 ao longo de dois dias, preenchendo a cidade com alegria, m\u00fasica e sabores. Veja abaixo a programa\u00e7\u00e3o completa:<\/p>\n<ul>\n<li><strong>S\u00e1bado:<\/strong><\/li>\n<\/ul>\n<ul>\n<li>11h00 &#8211; Abertura do evento com samba de roda ao vivo.<\/li>\n<li>13h00 &#8211; Workshop de samba para iniciantes.<\/li>\n<li>15h00 &#8211; Apresenta\u00e7\u00e3o do grupo <em>Sambadam<\/em>.<\/li>\n<li>18h00 &#8211; Degusta\u00e7\u00e3o de pratos t\u00edpicos da culin\u00e1ria brasileira.<\/li>\n<li>20h00 &#8211; Show de pagode com <em>Os Caras do Samba<\/em>.<\/li>\n<li>22h00 &#8211; Encerramento com DJ de pagode.<\/li>\n<\/ul>\n<ul>\n<li><strong>Domingo:<\/strong><\/li>\n<\/ul>\n<ul>\n<li>10h00 &#8211; Abertura com roda de samba.<\/li>\n<li>12h00 &#8211; Apresenta\u00e7\u00e3o do grupo <em>Samba Meu<\/em>.<\/li>\n<li>14h00 &#8211; Concurso de melhor prato t\u00edpico \u2013 categoria popular.<\/li>\n<li>17h00 &#8211; Show de samba com a convidada especial <em>Maria Rita<\/em>.<\/li>\n<li>20h00 &#8211; Encerramento com o tradicional sambad\u00e3o.<\/li>\n<\/ul>\n<h2>Atra\u00e7\u00f5es Musicais Imperd\u00edveis<\/h2>\n<p>A m\u00fasica \u00e9 a alma deste evento, e o <strong>Samba Food Festival<\/strong> traz atra\u00e7\u00f5es que garantem momentos inesquec\u00edveis. Al\u00e9m dos grupos destacados na programa\u00e7\u00e3o, haver\u00e1 apresenta\u00e7\u00f5es de artistas locais e convidados. Entre as atra\u00e7\u00f5es imperd\u00edveis, temos:<\/p>\n<ul>\n<li><strong>Grupo <em>Sambadam:<\/em><\/strong> Com um repert\u00f3rio animado, eles prometem levantar o p\u00fablico.<\/li>\n<li><strong>Maria Rita:<\/strong> Filha de Elis Regina, sua participa\u00e7\u00e3o ser\u00e1 um dos destaques do domingo.<\/li>\n<li><strong>DJ de Pagode:<\/strong> Para encerrar a festa em grande estilo, garantindo que todos dancem at\u00e9 o \u00faltimo momento.<\/li>\n<li><strong>Workshops de Samba:<\/strong> Ensinar\u00e3o aos participantes os passos b\u00e1sicos para aproveitar melhor o samba.<\/li>\n<\/ul>\n<h2>Gastronomia Variada para Todos os Gostos<\/h2>\n<p>A gastronomia \u00e9 um dos pontos altos do <strong>Samba Food Festival<\/strong>. Atra\u00e7\u00f5es gastron\u00f4micas estar\u00e3o espalhadas pelo espa\u00e7o, oferecendo uma variedade de pratos t\u00edpicos. Os visitantes poder\u00e3o degustar:<\/p>\n<ul>\n<li><strong>Feijoada:<\/strong> Um cl\u00e1ssico da culin\u00e1ria brasileira, servido com acompanhamentos tradicionais.<\/li>\n<li><strong>Past\u00e9is:<\/strong> Com uma diversidade de recheios, para agradar todos os paladares.<\/li>\n<li><strong>Churrasquinhos:<\/strong> Del\u00edcias assadas na hora, com diversas op\u00e7\u00f5es de carnes.<\/li>\n<li><strong>Doces T\u00edpicos:<\/strong> Como cocada, brigadeiro e pudim de leite.<\/li>\n<li><strong>Bebidas:<\/strong> Caipirinhas, sucos naturais e refrigerantes.<\/li>\n<\/ul>\n<h2>Como Participar do Evento Solid\u00e1rio<\/h2>\n<p>O <strong>Samba Food Festival<\/strong> tamb\u00e9m tem um aspecto solid\u00e1rio. Para participar do evento, \u00e9 necess\u00e1rio realizar a doa\u00e7\u00e3o de um alimento n\u00e3o perec\u00edvel. Os itens arrecadados ser\u00e3o destinados a institui\u00e7\u00f5es assistenciais da regi\u00e3o. Veja como voc\u00ea pode ajudar:<\/p>\n<ul>\n<li><strong>Doa\u00e7\u00e3o:<\/strong> Traga um quilo de alimentos n\u00e3o perec\u00edveis e troque pela entrada do evento.<\/li>\n<li><strong>Voluntariado:<\/strong> Se voc\u00ea deseja ajudar ainda mais, pode se inscrever como volunt\u00e1rio para auxiliar nas atividades do festival.<\/li>\n<\/ul>\n<h2>Espa\u00e7o Kids: Divers\u00e3o para as Crian\u00e7as<\/h2>\n<p>O festival foi pensado para toda a fam\u00edlia, e o <strong>Espa\u00e7o Kids<\/strong> ser\u00e1 um ponto de divers\u00e3o garantida para as crian\u00e7as. Atividades planejadas incluem:<\/p>\n<ul>\n<li><strong>Pintura Facial:<\/strong> Para as crian\u00e7as se transformarem em personagens do samba.<\/li>\n<li><strong>Oficinas de Artesanato:<\/strong> Onde poder\u00e3o criar lembrancinhas do evento.<\/li>\n<li><strong>Apresenta\u00e7\u00f5es Teatrais:<\/strong> Quartos de teatro com hist\u00f3rias brasileiras.<\/li>\n<li><strong>Espa\u00e7o de Brincadeiras:<\/strong> Com jogos e brinquedos, sempre sob supervis\u00e3o.<\/li>\n<\/ul>\n<h2>Feira Ameriart: Arte e Cultura Local<\/h2>\n<p>Outro destaque do evento \u00e9 a <strong>Feira Ameriart<\/strong>, que ser\u00e1 um espa\u00e7o dedicado a artistas e artes\u00e3os locais. Nela, o p\u00fablico encontrar\u00e1:<\/p>\n<ul>\n<li><strong>Artesanato:<\/strong> Pe\u00e7as exclusivas e feitas \u00e0 m\u00e3o, refletindo a cultura local.<\/li>\n<li><strong>Exposi\u00e7\u00f5es de Arte:<\/strong> Com obras de artistas de Americana e regi\u00e3o.<\/li>\n<li><strong>Food Trucks:<\/strong> Oferecendo comidas variadas e alternativas<\/li>\n<\/ul>\n<h2>Expectativas dos Organizadores<\/h2>\n<p>Os organizadores do <strong>Samba Food Festival<\/strong> t\u00eam grandes expectativas para o evento. Segundo eles:<\/p>\n<ul>\n<li>Esperamos receber um p\u00fablico diversificado, apaixonado pela cultura e gastronomia.<\/li>\n<li>Queremos promover a uni\u00e3o da comunidade em torno da import\u00e2ncia do samba.<\/li>\n<li>As doa\u00e7\u00f5es recebidas ser\u00e3o fundamentais para ajudar diversas fam\u00edlias na nossa cidade.<\/li>\n<\/ul>\n<h2>Import\u00e2ncia Cultural do Samba<\/h2>\n<p>O samba \u00e9 mais que um g\u00eanero musical; \u00e9 uma express\u00e3o da cultura brasileira. Sua import\u00e2ncia se reflete em:<\/p>\n<ul>\n<li><strong>Identidade:<\/strong> O samba \u00e9 um s\u00edmbolo da identidade nacional e da luta pela igualdade.<\/li>\n<li><strong>Comunidade:<\/strong> Promove a uni\u00e3o de diversas pessoas atrav\u00e9s da m\u00fasica.<\/li>\n<li><strong>Hist\u00f3rias de Vida:<\/strong> Cada samba conta uma hist\u00f3ria, conectando passado e presente.<\/li>\n<\/ul>\n<h2>Hist\u00f3ria do CCL de Americana<\/h2>\n<p>O Centro Cultural de Lazer (CCL) de Americana tem se dedicado a promover eventos culturais de qualidade. Sua hist\u00f3ria \u00e9 marcada por:<\/p>\n<ul>\n<li><strong>Apoio \u00e0 Cultura:<\/strong> O CCL tem sido fundamental para a valoriza\u00e7\u00e3o das tradi\u00e7\u00f5es locais.<\/li>\n<li><strong>Eventos Anteriores:<\/strong> J\u00e1 organizou diversas festividades, sempre com grande sucesso.<\/li>\n<li><strong>Inclus\u00e3o Social:<\/strong> Foco em tornar a cultura acess\u00edvel a todos.<\/li>\n<\/ul>\n<h2>Depoimentos de Participantes Anteriores<\/h2>\n<p>Participantes de edi\u00e7\u00f5es passadas do festival compartilham suas experi\u00eancias, que mostram a import\u00e2ncia do evento:<\/p>\n<ul>\n<li><strong>Joana, 32 anos:<\/strong> &#8220;A energia do festival \u00e9 contagiante! O samba nos une e a comida \u00e9 \u00f3tima!&#8221;<\/li>\n<li><strong>Lucas, 25 anos:<\/strong> &#8220;Fui para ver Maria Rita e fiquei surpreso com o apoio ao pr\u00f3ximo!&#8221;<\/li>\n<li><strong>Ana, 40 anos:<\/strong> &#8220;\u00c9 um evento que traz sorrisos \u00e0s crian\u00e7as e ajuda a comunidade!&#8221;<\/li>\n<\/ul>\n<p>A participa\u00e7\u00e3o no <strong>Samba Food Festival<\/strong> \u00e9 uma oportunidade de celebrar a cultura brasileira, a m\u00fasica e uma gastronomia diversificada, contribuindo tamb\u00e9m para a\u00e7\u00f5es sociais importantes. Prepare-se para um final de semana repleto de ritmo e sabores em Americana!<\/p>\n\n<div style=\"font-size: 0px; height: 0px; line-height: 0px; margin: 0; padding: 0; clear: both;\"><\/div>","protected":false},"excerpt":{"rendered":"<p>Samba e pagode prometem agitar o evento no CCL de Americana neste fim de semana.<\/p>\n","protected":false},"author":1,"featured_media":2747,"comment_status":"","ping_status":"","sticky":false,"template":"","format":"standard","meta":{"footnotes":""},"categories":[9],"tags":[],"class_list":["post-2748","post","type-post","status-publish","format-standard","has-post-thumbnail","hentry","category-noticias-americana","has_thumb"],"aioseo_notices":[],"_links":{"self":[{"href":"https:\/\/www.encontraamericana.com.br\/sobre\/wp-json\/wp\/v2\/posts\/2748","targetHints":{"allow":["GET"]}}],"collection":[{"href":"https:\/\/www.encontraamericana.com.br\/sobre\/wp-json\/wp\/v2\/posts"}],"about":[{"href":"https:\/\/www.encontraamericana.com.br\/sobre\/wp-json\/wp\/v2\/types\/post"}],"author":[{"embeddable":true,"href":"https:\/\/www.encontraamericana.com.br\/sobre\/wp-json\/wp\/v2\/users\/1"}],"replies":[{"embeddable":true,"href":"https:\/\/www.encontraamericana.com.br\/sobre\/wp-json\/wp\/v2\/comments?post=2748"}],"version-history":[{"count":0,"href":"https:\/\/www.encontraamericana.com.br\/sobre\/wp-json\/wp\/v2\/posts\/2748\/revisions"}],"wp:featuredmedia":[{"embeddable":true,"href":"https:\/\/www.encontraamericana.com.br\/sobre\/wp-json\/wp\/v2\/media\/2747"}],"wp:attachment":[{"href":"https:\/\/www.encontraamericana.com.br\/sobre\/wp-json\/wp\/v2\/media?parent=2748"}],"wp:term":[{"taxonomy":"category","embeddable":true,"href":"https:\/\/www.encontraamericana.com.br\/sobre\/wp-json\/wp\/v2\/categories?post=2748"},{"taxonomy":"post_tag","embeddable":true,"href":"https:\/\/www.encontraamericana.com.br\/sobre\/wp-json\/wp\/v2\/tags?post=2748"}],"curies":[{"name":"wp","href":"https:\/\/api.w.org\/{rel}","templated":true}]}}