{"id":3010,"date":"2025-12-27T06:12:00","date_gmt":"2025-12-27T09:12:00","guid":{"rendered":"https:\/\/www.encontraamericana.com.br\/sobre\/empresario-dono-de-oficina-de-manutencao-no-aeroporto-de-americana\/"},"modified":"2025-12-27T06:12:00","modified_gmt":"2025-12-27T09:12:00","slug":"empresario-dono-de-oficina-de-manutencao-no-aeroporto-de-americana","status":"publish","type":"post","link":"https:\/\/www.encontraamericana.com.br\/sobre\/empresario-dono-de-oficina-de-manutencao-no-aeroporto-de-americana\/","title":{"rendered":"Empres\u00e1rio dono de oficina de manuten\u00e7\u00e3o no Aeroporto de Americana"},"content":{"rendered":"<div class=\"a5b19addc3b60ae39ffd01daa729d676\" data-index=\"1\" style=\"float: none; margin:0px;\">\n<!-- Anuncio display - global -->\r\n<ins class=\"adsbygoogle\"\r\n     style=\"display:block\"\r\n     data-ad-client=\"ca-pub-8585364105181520\"\r\n     data-ad-slot=\"8789329856\"\r\n     data-ad-format=\"auto\"\r\n     data-full-width-responsive=\"true\"><\/ins>\r\n<script>\r\n     (adsbygoogle = window.adsbygoogle || []).push({});\r\n<\/script>\n<\/div>\n<h2>Antecedentes da Acusa\u00e7\u00e3o<\/h2>\n<p>A hist\u00f3ria do empres\u00e1rio Paulo C\u00e9sar de Paiva, conhecido pelo seu envolvimento com a oficina de manuten\u00e7\u00e3o de aeronaves Full Copters, come\u00e7a a ganhar a aten\u00e7\u00e3o da m\u00eddia em agosto de 2023, quando ele foi preso durante a Opera\u00e7\u00e3o Angarius. Essa opera\u00e7\u00e3o, conhecida por sua brutalidade e efic\u00e1cia, foi conduzida pela Pol\u00edcia Federal e tinha como principal objetivo combater o tr\u00e1fico internacional de drogas. O que estava em jogo era a reputa\u00e7\u00e3o n\u00e3o s\u00f3 do empres\u00e1rio, mas tamb\u00e9m da ind\u00fastria de avia\u00e7\u00e3o regional, especialmente no que diz respeito \u00e0 seguran\u00e7a e legalidade das opera\u00e7\u00f5es das oficinas de manuten\u00e7\u00e3o aeron\u00e1utica.<\/p>\n<p>A acusa\u00e7\u00e3o contra Paulo n\u00e3o era apenas grave, mas tamb\u00e9m bastante intrincada. Ele foi apontado como integrante de uma organiza\u00e7\u00e3o criminosa alegadamente vinculada ao tr\u00e1fico de drogas. O fato de sua oficina estar localizada no Aeroporto Municipal Augusto de Oliveira Salva\u00e7\u00e3o, em Americana, SP, adicionou um elemento de complexidade ao caso, dado que aeroportos s\u00e3o frequentemente associados a opera\u00e7\u00f5es de alta burocracia e fiscaliza\u00e7\u00e3o. Ao ser detido, a Full Copters foi lacrada, levando \u00e0 suspens\u00e3o das opera\u00e7\u00f5es da oficina e preservando a integridade da investiga\u00e7\u00e3o.<\/p>\n<p>As alega\u00e7\u00f5es contra Paulo foram baseadas em ind\u00edcios de que ele teria colaborado com o tr\u00e1fico, especificamente em atividades que envolviam a manuten\u00e7\u00e3o de um helic\u00f3ptero utilizado para transporte de drogas. A ret\u00f3rica foi poderosa, abordando n\u00e3o apenas a conex\u00e3o direta entre o empres\u00e1rio e o crime, mas tamb\u00e9m as implica\u00e7\u00f5es sobre o setor de avia\u00e7\u00e3o em geral. A partir desse momento, uma intensa batalha judicial teve in\u00edcio, refletindo o peso das acusa\u00e7\u00f5es.<\/p>\n<h2>A Investiga\u00e7\u00e3o da Pol\u00edcia Federal<\/h2>\n<p>A investiga\u00e7\u00e3o que culminou na deten\u00e7\u00e3o de Paulo C\u00e9sar de Paiva foi elaborada de maneira cuidadosa e estrat\u00e9gica pela Pol\u00edcia Federal. O trabalho envolveu uma combina\u00e7\u00e3o de intelig\u00eancia policial, que inclu\u00eda escuta telef\u00f4nica, vigil\u00e2ncia e coleta de depoimentos de testemunhas. O foco principal da investiga\u00e7\u00e3o foi a organiza\u00e7\u00e3o criminosa que supostamente utilizava aeronaves para o tr\u00e1fico de entorpecentes, e o empres\u00e1rio se tornou um personagem central nesse cen\u00e1rio.<\/p>\n<p>Um aspecto curioso da investiga\u00e7\u00e3o foi que, mesmo enquanto se argumentava que Paulo estava envolvido nas atividades il\u00edcitas, surgiram evid\u00eancias de que ele teria sido amea\u00e7ado de morte pelo l\u00edder da organiza\u00e7\u00e3o criminosa. A alega\u00e7\u00e3o de que ele se recusou a realizar a manuten\u00e7\u00e3o de um helic\u00f3ptero do crime, alegadamente por raz\u00f5es \u00e9ticas e legais, trouxe \u00e0 tona uma contradi\u00e7\u00e3o importante. Ele estava sendo coagido a participar de atividades ilegais e, ao mesmo tempo, a figura de v\u00edtima come\u00e7ou a surgir.<\/p>\n<p>A an\u00e1lise dos documentos e das escutas telef\u00f4nicas n\u00e3o corroborou as alega\u00e7\u00f5es de cumplicidade, levando a uma situa\u00e7\u00e3o onde as evid\u00eancias se tornaram xadrez. A defesa de Paulo sustentou com firmeza que ele n\u00e3o tinha envolvimento com o tr\u00e1fico e, em vez disso, havia denunciado irregularidades. As reviravoltas na evid\u00eancia e as nuances da investiga\u00e7\u00e3o transformaram o caso em um exemplo cl\u00e1ssico de como o sistema judicial pode ser desafiador e, por vezes, confuso.<\/p>\n<h2>O Papel da Oficina Full Copters<\/h2>\n<p>A Full Copters, fundada em 2016, \u00e9 uma oficina que se especializa na manuten\u00e7\u00e3o de helic\u00f3pteros da fabricante Robinson, e sempre manteve um padr\u00e3o elevado de conformidade com as normas da Ag\u00eancia Nacional de Avia\u00e7\u00e3o Civil (ANAC). A manuten\u00e7\u00e3o aeron\u00e1utica \u00e9 uma \u00e1rea vital para a seguran\u00e7a da avia\u00e7\u00e3o, e a oficina tinha uma reputa\u00e7\u00e3o consolidada no mercado, j\u00e1 que atendia variados modelos de helic\u00f3pteros e aeronaves.<\/p>\n<p>Com a acusa\u00e7\u00e3o de Paulo, o impacto na opera\u00e7\u00e3o da Full Copters foi imediato e severo. A lacra\u00e7\u00e3o da oficina, por si s\u00f3, n\u00e3o s\u00f3 significava a interrup\u00e7\u00e3o das atividades, mas tamb\u00e9m deixava um n\u00famero consider\u00e1vel de clientes sem assist\u00eancia. Essa situa\u00e7\u00e3o gerou uma onda de incertezas, afetando n\u00e3o apenas a sa\u00fade financeira da empresa, mas tamb\u00e9m colocando em quest\u00e3o sua credibilidade no mercado.<\/p>\n<p>A oficina estava em pleno funcionamento e tinha atendido centenas de clientes antes dos eventos que levaram \u00e0 pris\u00e3o de Paulo. A Full Copters n\u00e3o era apenas um neg\u00f3cio; era um testemunho do trabalho duro e do comprometimento com a seguran\u00e7a e a manuten\u00e7\u00e3o de aeronaves. A interrup\u00e7\u00e3o de suas opera\u00e7\u00f5es deixou uma lacuna n\u00e3o s\u00f3 em sua clientela, mas tamb\u00e9m na comunidade local, refletindo a import\u00e2ncia da empresa para a economia da regi\u00e3o.<\/p>\n<p>Como prova do compromisso com a legalidade e a \u00e9tica, a defesa de Paulo enfatizou que todas as manuten\u00e7\u00f5es realizadas eram feitas em conformidade com os protocolos estabelecidos pela ANAC, e que as atividades de Full Copters nunca tinham levantado suspeitas anteriores. Por isso, a grande contradi\u00e7\u00e3o das alega\u00e7\u00f5es de nega\u00e7\u00e3o de servi\u00e7o a entorpecentes se tornava evidente com uma an\u00e1lise mais cuidadosa.<\/p>\n<h2>Amea\u00e7as ao Empres\u00e1rio<\/h2>\n<p>Durante o processo de acusa\u00e7\u00e3o, um dos aspectos mais alarmantes foram as amea\u00e7as de morte que Paulo C\u00e9sar de Paiva enfrentou, conforme mencionado anteriormente. Essas amea\u00e7as n\u00e3o apenas indicavam a seriedade da situa\u00e7\u00e3o, mas tamb\u00e9m levantavam uma quest\u00e3o moral sobre as circunst\u00e2ncias sob as quais ele estava supostamente operando: seria ele um c\u00famplice ou uma v\u00edtima?<\/p>\n<p>A press\u00e3o psicol\u00f3gica enfrentada por Paulo, oriunda da amea\u00e7a de retalia\u00e7\u00f5es f\u00edsicas, refor\u00e7ou a ideia de que ele estava longe de ser um criminoso. Ter que lidar com isso enquanto sua liberdade estava em jogo \u00e9 um dilema que poucos podem imaginar, e faz parte das realidades trai\u00e7oeiras do mundo do crime organizado. A insist\u00eancia da defesa sobre as amea\u00e7as recebidas foi um fator fundamental a reavaliar a objetividade das alega\u00e7\u00f5es contra ele.<\/p>\n<p>A situa\u00e7\u00e3o de Paulo evidencia como o ambiente de trabalho pode se tornar insustent\u00e1vel quando se est\u00e1 envolvido com for\u00e7as criminosas. O psicol\u00f3gico pode ser t\u00e3o devastador quanto f\u00edsico, especialmente quando injustamente acusado de ser parte de um sistema criminoso que se recusa a sair do radar da lei. Essas amea\u00e7as geraram apoio em torno dele, junto a seus colegas de profiss\u00e3o e membros da comunidade, refletindo a solidariedade entre aqueles que compreendem os desafios enfrentados pela gest\u00e3o de empresas em um setor regulamentado e muitas vezes desafiado por a\u00e7\u00f5es il\u00edcitas.<\/p>\n<h2>Decis\u00f5es da Justi\u00e7a<\/h2>\n<p>Ap\u00f3s uma longa batalha judicial, a defesa de Paulo apresentou um pedido de habeas corpus, argumentando que as evid\u00eancias n\u00e3o sustentavam as acusa\u00e7\u00f5es de forma convincente. O Tribunal Regional Federal da 3\u00aa Regi\u00e3o (TRF3) decidiu, em fevereiro de 2024, revogar a pris\u00e3o preventiva, estabelecendo que n\u00e3o havia provas suficientes para garantir a presen\u00e7a do empres\u00e1rio no esquema de tr\u00e1fico. Esta decis\u00e3o representou uma vit\u00f3ria significativa para a defesa e para Paulo.<\/p>\n<p>A revoga\u00e7\u00e3o da pris\u00e3o preventiva foi um indicativo do reconhecimento da justi\u00e7a sobre as falhas nas alega\u00e7\u00f5es contra ele. A defesa argumentou de maneira eloquente que, em vez de participar de atividades criminosa, Paulo havia se negado a colaborar com a manuten\u00e7\u00e3o da aeronave de um criminoso. Essa posi\u00e7\u00e3o foi capaz de convencer os ju\u00edzes da Quinta Turma, que acreditaram na inoc\u00eancia do empres\u00e1rio.<\/p>\n<p>A luta de Paulo \u00e9 um exemplo da import\u00e2ncia do devido processo legal e da presun\u00e7\u00e3o de inoc\u00eancia, conceitos que muitas vezes s\u00e3o desafiados em casos de alta visibilidade e complexidade. A decis\u00e3o da justi\u00e7a simbolizou n\u00e3o apenas um triunfo pessoal para o empres\u00e1rio, mas tamb\u00e9m um rompimento nas correntes de desconforto que tinham sido estabelecidas pelas acusa\u00e7\u00f5es.<\/p>\n<p>Finalmente, ap\u00f3s v\u00e1rias crescentes reviravoltas, a absolvi\u00e7\u00e3o de Paulo trouxe um encerramento ao cap\u00edtulo turbulento de sua vida. A decis\u00e3o indicava que a justi\u00e7a n\u00e3o s\u00f3 havia avaliado evid\u00eancias, mas tamb\u00e9m reconheceu a necessidade de preservar a integridade do setor de manuten\u00e7\u00e3o aeron\u00e1utica.<\/p>\n<h2>O que Diz a Senten\u00e7a<\/h2>\n<p>A senten\u00e7a proferida pelo juiz Federal Titular Bruno Barbosa Stamm foi clara e incisiva. Ele afirmou que as evid\u00eancias apresentadas ao tribunal n\u00e3o eram suficientes para comprovar a culpabilidade de Paulo de forma concludente. A senten\u00e7a especificou que &#8220;inexiste comprova\u00e7\u00e3o acima de qualquer d\u00favida razo\u00e1vel de que Paulo realmente sabia da utiliza\u00e7\u00e3o criminosa da aeronave e que tenha de alguma forma passado a colaborar com as atividades referentes ao tr\u00e1fico de entorpecentes&#8221;. Essa frase encapsulou a ess\u00eancia do veredicto e demonstrou a insufici\u00eancia da prova apresentada pela acusa\u00e7\u00e3o.<\/p>\n<p>A decis\u00e3o do tribunal ressaltou a import\u00e2ncia da an\u00e1lise criteriosa e objetiva das evid\u00eancias, enfatizando que a mera associa\u00e7\u00e3o n\u00e3o poderia ser entendida como cumplicidade. A jurisprud\u00eancia reiterou que toda pessoa deve ser considerada inocente at\u00e9 que se prove o contr\u00e1rio, um princ\u00edpio fundamental para o funcionamento de um sistema legal justo.<\/p>\n<p>Com a decis\u00e3o em favor de Paulo, a Full Copters p\u00f4de retomar suas opera\u00e7\u00f5es e continuar seu compromisso com a manuten\u00e7\u00e3o segura e efetiva de aeronaves, uma vit\u00f3ria tamb\u00e9m para seus clientes e para a ind\u00fastria de avia\u00e7\u00e3o como um todo.<\/p>\n<h2>Full Copters e sua Reputa\u00e7\u00e3o<\/h2>\n<p>A Full Copters sempre foi reconhecida por sua qualidade e por seguir as normas de manuten\u00e7\u00e3o estabelecidas pela ANAC. Desde sua funda\u00e7\u00e3o, a empresa cumpriu os requisitos necess\u00e1rios para operar no setor de avia\u00e7\u00e3o, solidificando sua reputa\u00e7\u00e3o como um prestador de servi\u00e7os confi\u00e1vel. A manuten\u00e7\u00e3o de aeronaves \u00e9 um elemento vital da seguran\u00e7a do voo, e a oficina se destacou como um player respeit\u00e1vel.<\/p>\n<p>Com toda a controv\u00e9rsia enfrentada, a recupera\u00e7\u00e3o da imagem de Full Copters se tornou uma tarefa crucial para o empres\u00e1rio ap\u00f3s o veredito favor\u00e1vel. Paulo e a equipe entenderam que a transpar\u00eancia e a comunica\u00e7\u00e3o seriam fundamentais. Assim, uma estrat\u00e9gia de recupera\u00e7\u00e3o da reputa\u00e7\u00e3o foi iniciada, envolvendo o feedback dos clientes e a reitera\u00e7\u00e3o do compromisso da empresa com a seguran\u00e7a.<\/p>\n<p>A fidelidade dos clientes existentes e a aquisi\u00e7\u00e3o de novos clientes passaram a ser prioridades. Full Copters adotou uma abordagem transparente, mostrando n\u00e3o apenas que poderia retomar as opera\u00e7\u00f5es, mas que tinha a capacidade e a disposi\u00e7\u00e3o para manter altos padr\u00f5es de seguran\u00e7a, minimizando qualquer d\u00favida que os clientes pudessem ter em rela\u00e7\u00e3o a sua incorpora\u00e7\u00e3o no esquema criminoso.<\/p>\n<p>O movimento de Paulo em recuperar a confian\u00e7a refletiu a determina\u00e7\u00e3o de superar os desafios e reafirmar a import\u00e2ncia da oficina no contexto local. Como resultado deste esfor\u00e7o, muitos clientes que tinham se afastado durante a crise voltaram a confiar seus helic\u00f3pteros ao cuidado da Full Copters.<\/p>\n<h2>Implica\u00e7\u00f5es para o Setor de Manuten\u00e7\u00e3o Aeron\u00e1utica<\/h2>\n<p>A absolvi\u00e7\u00e3o de Paulo teve repercuss\u00f5es que ultrapassaram as paredes da Full Copters e reverberaram em todo o setor de manuten\u00e7\u00e3o aeron\u00e1utica. A situa\u00e7\u00e3o enfrentada por ele levantou quest\u00f5es sobre a rigidez da regulamenta\u00e7\u00e3o e o cuidado que deve ser tomado ao fazer associa\u00e7\u00f5es entre empresas e atividades criminosas sem provas concretas. No cen\u00e1rio global, o setor de avia\u00e7\u00e3o \u00e9 visto como altamente regulamentado, e incidentes como esse podem gerar desconfian\u00e7a entre operadores e autoridades.<\/p>\n<p>As consequ\u00eancias nas opera\u00e7\u00f5es e na confian\u00e7a do mercado podem ser significativas. Os gestores de oficinas de manuten\u00e7\u00e3o frequentemente se sentem coibidos pela incerteza em ambientes onde acusa\u00e7\u00f5es podem ser feitas com base em pouco mais que suposi\u00e7\u00f5es. Isso chama a aten\u00e7\u00e3o para a necessidade de uma estrutura robusta que proteja as empresas de consequ\u00eancias severas em situa\u00e7\u00f5es em que n\u00e3o h\u00e1 evid\u00eancias suficientes para justificar tais alega\u00e7\u00f5es.<\/p>\n<p>Al\u00e9m disso, esta ocorr\u00eancia evidencia a necessidade de dialogar abertamente entre as autoridades e os profissionais do setor, uma vez que a constru\u00e7\u00e3o de um ambiente de trabalho seguro e produtivo \u00e9 igualmente importante. O caso de Paulo evidencia as falhas que podem existir na forma como investiga\u00e7\u00f5es s\u00e3o conduzidas, lembrando a necessidade de uma supervis\u00e3o adequada que garanta a integridade das empresas envolvidas.<\/p>\n<h2>Repercuss\u00f5es na Comunidade Local<\/h2>\n<p>A experi\u00eancia de Paulo C\u00e9sar de Paiva e a subsequente absolvi\u00e7\u00e3o tiveram uma s\u00e9rie de repercuss\u00f5es na comunidade local de Americana. A situa\u00e7\u00e3o n\u00e3o afetou somente  Paulo ou a Full Copters; ele se transformou em um reflexo da luta de muitos empres\u00e1rios que navegam em um ambiente empresarial desafiador, onde a reputa\u00e7\u00e3o pode ser rapidamente afetada por acusa\u00e7\u00f5es infundadas. O apoio que Paulo recebeu da comunidade foi not\u00e1vel, mostrando a solidariedade entre empres\u00e1rios e a empatia das comunidades.<\/p>\n<p>A reabertura da oficina tamb\u00e9m foi celebrada como um triunfo para todos, simbolizando a supera\u00e7\u00e3o de dificuldades e a necessidade de perseveran\u00e7a. A comunidade n\u00e3o apenas apoiou a Full Copters, mas tamb\u00e9m viu nesta situa\u00e7\u00e3o uma oportunidade para discutir a import\u00e2ncia da manuten\u00e7\u00e3o de aeronaves em geral. O respeito e a considera\u00e7\u00e3o da comunidade foram, sem d\u00favida, fatores motivadores para Paulo.<\/p>\n<p>Al\u00e9m disso, o caso de Paulo trouxe \u00e0 tona di\u00e1logos sobre seguran\u00e7a e regulamenta\u00e7\u00e3o na avia\u00e7\u00e3o. Isso estimulou um marco de conscientiza\u00e7\u00e3o sobre as quest\u00f5es enfrentadas por aqueles que trabalham na avia\u00e7\u00e3o civil. Eventos comunit\u00e1rios e semin\u00e1rios foram organizados para educar os cidad\u00e3os sobre a ind\u00fastria aeron\u00e1utica e a import\u00e2ncia das oficinas de manuten\u00e7\u00e3o, as quais s\u00e3o servi\u00e7os essenciais que precisam ser valorizados e apoiados.<\/p>\n<h2>O Futuro do Empres\u00e1rio Absolvido<\/h2>\n<p>O futuro de Paulo C\u00e9sar de Paiva, agora absolvido, parece promissor. A sua experi\u00eancia como empres\u00e1rio no setor de manuten\u00e7\u00e3o de aeronaves, aliada ao novo conhecimento adquirido atrav\u00e9s do processo judicial, o posiciona como uma figura de resili\u00eancia em sua comunidade. O desafio enfrentado n\u00e3o apenas consolidou sua paix\u00e3o pelo trabalho que realiza, mas tamb\u00e9m lhe trouxe uma nova perspectiva sobre a responsabilidade associada ao seu neg\u00f3cio.<\/p>\n<p>Ele est\u00e1 agora mais consciente da necessidade de se comunicar de forma transparente com a clientela e a comunidade, al\u00e9m de focar no esfor\u00e7o de reconstruir sua marca. O retorno da Full Copters ao mercado representa n\u00e3o apenas uma redefini\u00e7\u00e3o de seus objetivos, mas tamb\u00e9m o desejo de contribuir para um setor que enfrenta suas pr\u00f3prias dificuldades.<\/p>\n<p>A experi\u00eancia poderosa que Paulo vivenciou pode servir de exemplo e inspira\u00e7\u00e3o para muitos que enfrentam dificuldades semelhantes. A luta contra acusa\u00e7\u00f5es infundadas \u00e9 um chamado \u00e0 a\u00e7\u00e3o para que outros empres\u00e1rios se unam e formem redes de apoio, visando mudan\u00e7as que favore\u00e7am a seguran\u00e7a e a confian\u00e7a nas pr\u00e1ticas de manuten\u00e7\u00e3o aeron\u00e1utica. Com determina\u00e7\u00e3o, compromisso e inova\u00e7\u00e3o, Paulo tem a chance de se tornar um l\u00edder em boa manuten\u00e7\u00e3o, estabelecendo a Full Copters como refer\u00eancia em servi\u00e7os respons\u00e1veis e \u00e9ticos.<\/p>\n\n<div style=\"font-size: 0px; height: 0px; line-height: 0px; margin: 0; padding: 0; clear: both;\"><\/div>","protected":false},"excerpt":{"rendered":"<p>Empres\u00e1rio no Aeroporto de Americana-SP \u00e9 absolvido de envolvimento em organiza\u00e7\u00e3o criminosa.<\/p>\n","protected":false},"author":1,"featured_media":0,"comment_status":"","ping_status":"","sticky":false,"template":"","format":"standard","meta":{"footnotes":""},"categories":[11],"tags":[],"class_list":["post-3010","post","type-post","status-publish","format-standard","hentry","category-servicos-americana"],"aioseo_notices":[],"_links":{"self":[{"href":"https:\/\/www.encontraamericana.com.br\/sobre\/wp-json\/wp\/v2\/posts\/3010","targetHints":{"allow":["GET"]}}],"collection":[{"href":"https:\/\/www.encontraamericana.com.br\/sobre\/wp-json\/wp\/v2\/posts"}],"about":[{"href":"https:\/\/www.encontraamericana.com.br\/sobre\/wp-json\/wp\/v2\/types\/post"}],"author":[{"embeddable":true,"href":"https:\/\/www.encontraamericana.com.br\/sobre\/wp-json\/wp\/v2\/users\/1"}],"replies":[{"embeddable":true,"href":"https:\/\/www.encontraamericana.com.br\/sobre\/wp-json\/wp\/v2\/comments?post=3010"}],"version-history":[{"count":0,"href":"https:\/\/www.encontraamericana.com.br\/sobre\/wp-json\/wp\/v2\/posts\/3010\/revisions"}],"wp:attachment":[{"href":"https:\/\/www.encontraamericana.com.br\/sobre\/wp-json\/wp\/v2\/media?parent=3010"}],"wp:term":[{"taxonomy":"category","embeddable":true,"href":"https:\/\/www.encontraamericana.com.br\/sobre\/wp-json\/wp\/v2\/categories?post=3010"},{"taxonomy":"post_tag","embeddable":true,"href":"https:\/\/www.encontraamericana.com.br\/sobre\/wp-json\/wp\/v2\/tags?post=3010"}],"curies":[{"name":"wp","href":"https:\/\/api.w.org\/{rel}","templated":true}]}}