{"id":3159,"date":"2026-02-03T07:29:53","date_gmt":"2026-02-03T10:29:53","guid":{"rendered":"https:\/\/www.encontraamericana.com.br\/sobre\/americana-sedia-encontro-de-servidores-e-dirigentes-fazendarios-da-assefin\/"},"modified":"2026-02-03T07:29:53","modified_gmt":"2026-02-03T10:29:53","slug":"americana-sedia-encontro-de-servidores-e-dirigentes-fazendarios-da-assefin","status":"publish","type":"post","link":"https:\/\/www.encontraamericana.com.br\/sobre\/americana-sedia-encontro-de-servidores-e-dirigentes-fazendarios-da-assefin\/","title":{"rendered":"Americana sedia Encontro de Servidores e Dirigentes Fazend\u00e1rios da ASSEFIN"},"content":{"rendered":"<div class=\"a5b19addc3b60ae39ffd01daa729d676\" data-index=\"1\" style=\"float: none; margin:0px;\">\n<!-- Anuncio display - global -->\r\n<ins class=\"adsbygoogle\"\r\n     style=\"display:block\"\r\n     data-ad-client=\"ca-pub-8585364105181520\"\r\n     data-ad-slot=\"8789329856\"\r\n     data-ad-format=\"auto\"\r\n     data-full-width-responsive=\"true\"><\/ins>\r\n<script>\r\n     (adsbygoogle = window.adsbygoogle || []).push({});\r\n<\/script>\n<\/div>\n<h2>O que \u00e9 a ASSEFIN-SP?<\/h2>\n<p>A ASSEFIN-SP, ou Associa\u00e7\u00e3o das Secretarias Municipais de Finan\u00e7as do Estado de S\u00e3o Paulo, re\u00fane institui\u00e7\u00f5es em todo o estado que t\u00eam como objetivo melhorar a gest\u00e3o financeira das prefeituras. A associa\u00e7\u00e3o promove a troca de experi\u00eancias e a capacita\u00e7\u00e3o dos servidores que atuam na \u00e1rea fazend\u00e1ria, visando uma administra\u00e7\u00e3o p\u00fablica mais eficiente.<\/p>\n<h2>Import\u00e2ncia dos Encontros Fazend\u00e1rios<\/h2>\n<p>Os Encontros Fazend\u00e1rios s\u00e3o eventos significativos onde os profissionais da \u00e1rea t\u00eam a oportunidade de se aprofundar em temas relevantes e atuais sobre a gest\u00e3o financeira p\u00fablica. Esses encontros s\u00e3o projetados para:<\/p>\n<ul>\n<li><strong>Promover a troca de conhecimento:<\/strong> Facilitando a discuss\u00e3o entre especialistas e pr\u00e1ticos da \u00e1rea.<\/li>\n<li><strong>Aprimorar as compet\u00eancias:<\/strong> Oferecendo treinamentos e workshops sobre temas espec\u00edficos.<\/li>\n<li><strong>Estreitar la\u00e7os:<\/strong> Fomentando a colabora\u00e7\u00e3o entre os diversos munic\u00edpios presentes.<\/li>\n<\/ul>\n<h2>Data e Local do Evento<\/h2>\n<p>O 34\u00ba Encontro de Servidores e Dirigentes Fazend\u00e1rios da ASSEFIN-SP acontecer\u00e1 no dia 28 de abril, no Teatro Municipal Lulu Benencase, em Americana. Este local foi escolhido por suas qualidades estruturais e t\u00e9cnicas, que atender\u00e3o bem \u00e0s necessidades do encontro.<\/p>\n<p><img decoding=\"async\" src=\"https:\/\/www.encontraamericana.com.br\/sobre\/wp-content\/uploads\/americana-sedia-encontro-de-servidores-e-dirigentes-fazendarios-da-assefin.webp\" alt=\"Encontro de Servidores e Dirigentes Fazend\u00e1rios\" loading=\"lazy\" \/><\/p>\n<h2>Expectativas para o 34\u00ba Encontro<\/h2>\n<p>Ao programar este encontro, h\u00e1 uma expectativa coletiva de que as discuss\u00f5es resultem em melhores pr\u00e1ticas e solu\u00e7\u00f5es inovadoras para os desafios enfrentados pelas secretarias fazend\u00e1rias. Os participantes poder\u00e3o discutir sobre:<\/p>\n<ul>\n<li>Gerenciamento de recursos p\u00fablicos;<\/li>\n<li>Implementa\u00e7\u00e3o de tecnologias na administra\u00e7\u00e3o;<\/li>\n<li>Sustentabilidade financeira a longo prazo.<\/li>\n<\/ul>\n<h2>Participa\u00e7\u00e3o da Prefeitura de Americana<\/h2>\n<p>A Prefeitura de Americana tem se mostrado um apoio constante para realizar este evento. A secret\u00e1ria de Fazenda, Simone In\u00e1cio de Fran\u00e7a Bruno, expressou seu entusiasmo em sediar um evento de tamanha relev\u00e2ncia, que traz aprendizado e aprimoramento cont\u00ednuo para os profissionais da \u00e1rea financeira.<\/p>\n<h2>Reuni\u00e3o Pr\u00e9-Evento com T\u00e9cnicos<\/h2>\n<p>Recentemente, t\u00e9cnicos da Secretaria de Fazenda de Americana tiveram uma reuni\u00e3o virtual com representantes da ASSEFIN-SP. Esse encontro pr\u00e9vio teve como objetivo alinhar os \u00faltimos detalhes para garantir que o evento transcorra da melhor maneira poss\u00edvel. Esses preparativos incluem a organiza\u00e7\u00e3o do espa\u00e7o, a log\u00edstica e a programa\u00e7\u00e3o do encontro.<\/p>\n<h2>Estrutura e Log\u00edstica do Teatro Municipal<\/h2>\n<p>O Teatro Municipal Lulu Benencase foi escolhido ap\u00f3s uma visita t\u00e9cnica da equipe da ASSEFIN-SP. A estrutura do teatro atende a requisitos t\u00e9cnicos que s\u00e3o essenciais para o sucesso do evento. Entre os pontos positivos est\u00e3o:<\/p>\n<ul>\n<li>Espa\u00e7o adequado para a quantidade esperada de participantes;<\/li>\n<li>Recursos audiovisuais modernos;<\/li>\n<li>Acessibilidade para todos os participantes.<\/li>\n<\/ul>\n<h2>Vantagens de Participar do Encontro<\/h2>\n<p>Participar do 34\u00ba Encontro de Servidores e Dirigentes Fazend\u00e1rios traz diversas vantagens, incluindo:<\/p>\n<ul>\n<li><strong>Networking:<\/strong> Oportunidade de conectar-se com outros profissionais da \u00e1rea.<\/li>\n<li><strong>Atualiza\u00e7\u00e3o:<\/strong> Obtenha informa\u00e7\u00f5es sobre as melhores pr\u00e1ticas e inova\u00e7\u00f5es no campo da administra\u00e7\u00e3o p\u00fablica.<\/li>\n<li><strong>Capacita\u00e7\u00e3o:<\/strong> Participa\u00e7\u00e3o em workshops e palestras que podem aprimorar suas habilidades.<\/li>\n<\/ul>\n<h2>Temas a Serem Abordados Durante o Evento<\/h2>\n<p>O encontro abordar\u00e1 temas que s\u00e3o cr\u00edticos para a gest\u00e3o fazend\u00e1ria, tais como:<\/p>\n<ul>\n<li>Transpar\u00eancia e presta\u00e7\u00e3o de contas;<\/li>\n<li>Moderniza\u00e7\u00e3o da arrecada\u00e7\u00e3o tribut\u00e1ria;<\/li>\n<li>Planejamento or\u00e7ament\u00e1rio eficiente.<\/li>\n<\/ul>\n<h2>Como se Inscrever no Encontro<\/h2>\n<p>A inscri\u00e7\u00e3o para o 34\u00ba Encontro de Servidores e Dirigentes Fazend\u00e1rios pode ser feita atrav\u00e9s do portal da ASSEFIN-SP. \u00c9 importante garantir a sua vaga o quanto antes, considerando que as vagas s\u00e3o limitadas. O processo de inscri\u00e7\u00e3o \u00e9 simples e pode ser feito online, facilitando a participa\u00e7\u00e3o de todos os interessados.<\/p>\n\n<div style=\"font-size: 0px; height: 0px; line-height: 0px; margin: 0; padding: 0; clear: both;\"><\/div>","protected":false},"excerpt":{"rendered":"<p>Americana sedia Encontro de Servidores e Dirigentes Fazend\u00e1rios da ASSEFIN-SP em abril, um evento imperd\u00edvel.<\/p>\n","protected":false},"author":1,"featured_media":3158,"comment_status":"","ping_status":"","sticky":false,"template":"","format":"standard","meta":{"footnotes":""},"categories":[9],"tags":[],"class_list":["post-3159","post","type-post","status-publish","format-standard","has-post-thumbnail","hentry","category-noticias-americana","has_thumb"],"aioseo_notices":[],"_links":{"self":[{"href":"https:\/\/www.encontraamericana.com.br\/sobre\/wp-json\/wp\/v2\/posts\/3159","targetHints":{"allow":["GET"]}}],"collection":[{"href":"https:\/\/www.encontraamericana.com.br\/sobre\/wp-json\/wp\/v2\/posts"}],"about":[{"href":"https:\/\/www.encontraamericana.com.br\/sobre\/wp-json\/wp\/v2\/types\/post"}],"author":[{"embeddable":true,"href":"https:\/\/www.encontraamericana.com.br\/sobre\/wp-json\/wp\/v2\/users\/1"}],"replies":[{"embeddable":true,"href":"https:\/\/www.encontraamericana.com.br\/sobre\/wp-json\/wp\/v2\/comments?post=3159"}],"version-history":[{"count":0,"href":"https:\/\/www.encontraamericana.com.br\/sobre\/wp-json\/wp\/v2\/posts\/3159\/revisions"}],"wp:featuredmedia":[{"embeddable":true,"href":"https:\/\/www.encontraamericana.com.br\/sobre\/wp-json\/wp\/v2\/media\/3158"}],"wp:attachment":[{"href":"https:\/\/www.encontraamericana.com.br\/sobre\/wp-json\/wp\/v2\/media?parent=3159"}],"wp:term":[{"taxonomy":"category","embeddable":true,"href":"https:\/\/www.encontraamericana.com.br\/sobre\/wp-json\/wp\/v2\/categories?post=3159"},{"taxonomy":"post_tag","embeddable":true,"href":"https:\/\/www.encontraamericana.com.br\/sobre\/wp-json\/wp\/v2\/tags?post=3159"}],"curies":[{"name":"wp","href":"https:\/\/api.w.org\/{rel}","templated":true}]}}