{"id":3482,"date":"2026-04-21T07:15:51","date_gmt":"2026-04-21T10:15:51","guid":{"rendered":"https:\/\/www.encontraamericana.com.br\/sobre\/constrangimento-paulo-bilynskyj-chama-assessor-pra-explicar-emenda-pix-de-r-31-milhoes\/"},"modified":"2026-04-21T07:15:51","modified_gmt":"2026-04-21T10:15:51","slug":"constrangimento-paulo-bilynskyj-chama-assessor-pra-explicar-emenda-pix-de-r-31-milhoes","status":"publish","type":"post","link":"https:\/\/www.encontraamericana.com.br\/sobre\/constrangimento-paulo-bilynskyj-chama-assessor-pra-explicar-emenda-pix-de-r-31-milhoes\/","title":{"rendered":"Constrangimento: Paulo Bilynskyj chama assessor pra explicar emenda PIX de R$ 3,1 milh\u00f5es"},"content":{"rendered":"<div class=\"a5b19addc3b60ae39ffd01daa729d676\" data-index=\"1\" style=\"float: none; margin:0px;\">\n<!-- Anuncio display - global -->\r\n<ins class=\"adsbygoogle\"\r\n     style=\"display:block\"\r\n     data-ad-client=\"ca-pub-8585364105181520\"\r\n     data-ad-slot=\"8789329856\"\r\n     data-ad-format=\"auto\"\r\n     data-full-width-responsive=\"true\"><\/ins>\r\n<script>\r\n     (adsbygoogle = window.adsbygoogle || []).push({});\r\n<\/script>\n<\/div>\n<h2>O que foi o epis\u00f3dio no Podcast 3 Irm\u00e3os?<\/h2>\n<p>Durante uma apari\u00e7\u00e3o no Podcast <strong>3 Irm\u00e3os<\/strong>, o deputado federal Paulo Bilynskyj, que representa S\u00e3o Paulo, se viu em uma situa\u00e7\u00e3o embara\u00e7osa ao n\u00e3o conseguir justificar o valor de <strong>R$ 3,1 milh\u00f5es<\/strong> destinado \u00e0 Prefeitura de Americana, no interior do estado. Em um momento espec\u00edfico da entrevista, quando indagado sobre o uso correto da verba, Bilynskyj n\u00e3o conseguiu apresentar uma explica\u00e7\u00e3o coerente e, em um gesto inesperado, acabou fazendo uma liga\u00e7\u00e3o ao vivo para um de seus assessores em busca de esclarecimentos. Essa cena, que ficou marcada pela sua dificuldade de resposta, gerou burburinho nas redes sociais, onde muitos internautas criticaram sua falta de prepara\u00e7\u00e3o.<\/p>\n<h2>Quem \u00e9 Paulo Bilynskyj?<\/h2>\n<p>Paulo Bilynskyj \u00e9 um deputado federal do <strong>PL-SP<\/strong>, frequentemente associado a pautas de direita. Sua atua\u00e7\u00e3o no Congresso e posi\u00e7\u00e3o pol\u00edtica t\u00eam refletido uma orienta\u00e7\u00e3o conservadora, especialmente em quest\u00f5es sociais e econ\u00f4micas. No entanto, essa participa\u00e7\u00e3o no Podcast 3 Irm\u00e3os ilustrou uma fragilidade na sua capacidade de lidar com quest\u00f5es relacionadas ao seu desempenho parlamentar, especialmente em um tema t\u00e3o relevante como a destina\u00e7\u00e3o de recursos p\u00fablicos.<\/p>\n<h2>O que s\u00e3o emendas PIX?<\/h2>\n<p>As chamadas <strong>emendas Pix<\/strong>, formalmente conhecidas como transfer\u00eancias especiais, foram implementadas em 2019 com o objetivo de facilitar o fluxo de recursos do Or\u00e7amento da Uni\u00e3o diretamente para estados e munic\u00edpios. Esse sistema permite que verbas sejam enviadas sem a necessidade de conv\u00eanios ou projetos detalhados, apelidando-as de &#8220;Pix&#8221; pela agilidade e redu\u00e7\u00e3o de burocracia no processo de transfer\u00eancia. As emendas s\u00e3o uma ferramenta poderosa que possibilita uma resposta r\u00e1pida \u00e0s necessidades locais, mas suscitam debates sobre a transpar\u00eancia de sua aloca\u00e7\u00e3o.<\/p>\n<p><img decoding=\"async\" src=\"https:\/\/www.encontraamericana.com.br\/sobre\/wp-content\/uploads\/constrangimento-paulo-bilynskyj-chama-assessor-pra-explicar-emenda-pix-de-r-3-1-milhoes.webp\" alt=\"emenda PIX\" loading=\"lazy\" \/><\/p>\n<h2>Raz\u00f5es para o aumento da fiscaliza\u00e7\u00e3o<\/h2>\n<p>A crescente fiscaliza\u00e7\u00e3o sobre emendas Pix surge devido a questionamentos sobre a utiliza\u00e7\u00e3o e a gest\u00e3o desses recursos. O <strong>Minist\u00e9rio P\u00fablico Federal (MPF)<\/strong> instaurou, em fevereiro de 2025, investiga\u00e7\u00f5es para monitorar a aplica\u00e7\u00e3o dessas emendas, considerando a relev\u00e2ncia de garantir que o dinheiro p\u00fablico seja empregado de forma adequada e \u00e9tica. O epis\u00f3dio envolvendo Bilynskyj enfatiza a necessidade de uma supervis\u00e3o rigorosa, uma vez que a falta de clareza sobre a aplica\u00e7\u00e3o de tais fundos pode levar a desconfian\u00e7as sobre a efici\u00eancia e a necessidade dos projetos em que s\u00e3o utilizados.<\/p>\n<h2>Repercuss\u00e3o nas redes sociais<\/h2>\n<p>A rea\u00e7\u00e3o nas redes sociais ao epis\u00f3dio do Podcast 3 Irm\u00e3os foi imediata e intensa. Usu\u00e1rios aproveitaram o momento embara\u00e7oso de Bilynskyj para criar memes e discuss\u00f5es acaloradas sobre a responsabilidade dos pol\u00edticos em lidar com a transpar\u00eancia na gest\u00e3o de recursos p\u00fablicos. Muitas cr\u00edticas vieram \u00e0 tona questionando a compet\u00eancia do deputado em manejar as quest\u00f5es or\u00e7ament\u00e1rias, o que gerou um di\u00e1logo sobre a import\u00e2ncia de se ter representantes bem informados e preparados para prestar contas sobre as verbas que alocam.<\/p>\n<h2>Como funcionam as transfer\u00eancias diretas do or\u00e7amento?<\/h2>\n<p>As transfer\u00eancias diretas ao or\u00e7amento, como as emendas Pix, seguem algumas diretrizes espec\u00edficas. Elas permitem que os gestores locais decidam sobre a aplica\u00e7\u00e3o das verbas, respeitando algumas limita\u00e7\u00f5es, como proibi\u00e7\u00f5es de pagamentos de pessoal e d\u00edvidas. \u00c9 exigido que pelo menos <strong>70%<\/strong> do total das emendas seja destinado a investimentos em obras ou equipamentos, garantindo que os recursos sejam utilizados para benef\u00edcios concretos \u00e0 sociedade. Embora essa autonomia seja uma das caracter\u00edsticas atrativas do sistema, a responsabilidade na implementa\u00e7\u00e3o das pol\u00edticas p\u00fablicas \u00e9 um ponto crucial que deve ser constantemente debatido.<\/p>\n<h2>Criando mais transpar\u00eancia nas emendas<\/h2>\n<p>Dada a necessidade de garantir que o dinheiro p\u00fablico seja utilizado com responsabilidade, esfor\u00e7os t\u00eam sendo feitos para aumentar a transpar\u00eancia nas emendas parlamentares. O <strong>Supremo Tribunal Federal (STF)<\/strong> e outros \u00f3rg\u00e3os de controle t\u00eam implementado exig\u00eancias que incluem a apresenta\u00e7\u00e3o de um plano de trabalho pr\u00e9vio e a necessidade de que as verbas sejam depositadas em contas banc\u00e1rias espec\u00edficas, facilitando o rastreamento dos gastos. Essas iniciativas s\u00e3o essenciais para mitigar a falta de confian\u00e7a da popula\u00e7\u00e3o nas institui\u00e7\u00f5es e assegurar que os recursos cheguem efetivamente a quem necessitam.<\/p>\n<h2>Desafios enfrentados pelos parlamentares<\/h2>\n<p>Os parlamentares enfrentam diversos desafios ao gerenciar emendas e recursos p\u00fablicos. A press\u00e3o por resultados e a necessidade de prestar contas \u00e0 sociedade precisam ser equilibradas com a urg\u00eancia de atender \u00e0s demandas locais. Em situa\u00e7\u00f5es como a de Bilynskyj, a falta de conhecimento sobre a aplica\u00e7\u00e3o de verbas pode ser mais do que um mero erro de comunica\u00e7\u00e3o; pode indicar uma prepara\u00e7\u00e3o inadequada para o cargo que ocupam. Assim, a forma\u00e7\u00e3o constante e o acesso a informa\u00e7\u00f5es relevantes s\u00e3o vitais para que os parlamentares possam desempenhar suas fun\u00e7\u00f5es de maneira eficaz.<\/p>\n<h2>Impacto do MPF nas emendas PIX<\/h2>\n<p>A atua\u00e7\u00e3o do Minist\u00e9rio P\u00fablico Federal em rela\u00e7\u00e3o \u00e0s emendas Pix traz consigo um forte impacto na din\u00e2mica de aloca\u00e7\u00e3o de recursos p\u00fablicos. Ao monitorar as aplica\u00e7\u00f5es e exigir maior responsabilidade, o MPF desempenha um papel fundamental na prote\u00e7\u00e3o do patrim\u00f4nio p\u00fablico e na promo\u00e7\u00e3o de uma gest\u00e3o mais \u00e9tica e eficiente. Contudo, essa fiscaliza\u00e7\u00e3o pode gerar resist\u00eancia por parte de alguns parlamentares, que veem a investiga\u00e7\u00e3o como um ataque \u00e0 sua autonomia e capacidade de decis\u00e3o. O desafio que se coloca, portanto, \u00e9 encontrar um equil\u00edbrio entre a autonomia necess\u00e1ria para a administra\u00e7\u00e3o local e a obriga\u00e7\u00e3o de prestar contas \u00e0 sociedade.<\/p>\n<h2>A import\u00e2ncia da responsabilidade no uso de recursos p\u00fablicos<\/h2>\n<p>Por fim, a responsabilidade no uso de recursos p\u00fablicos deve ser uma prioridade inegoci\u00e1vel para todos os n\u00edveis de governo. A transpar\u00eancia e a presta\u00e7\u00e3o de contas s\u00e3o n\u00e3o apenas exig\u00eancias legais, mas tamb\u00e9m fundamentais para a constru\u00e7\u00e3o de uma democracia saud\u00e1vel. O epis\u00f3dio envolvendo Paulo Bilynskyj deve servir como um alerta para a import\u00e2ncia do conhecimento e da prepara\u00e7\u00e3o no contexto pol\u00edtico, enfatizando que aqueles que ocupam cargos p\u00fablicos t\u00eam a obriga\u00e7\u00e3o de entender e justificar a destina\u00e7\u00e3o de cada centavo de dinheiro p\u00fablico. Somente assim ser\u00e1 poss\u00edvel construir uma confian\u00e7a renovada nas institui\u00e7\u00f5es e promover um desenvolvimento sustent\u00e1vel e justo para todos os cidad\u00e3os.<\/p>\n\n<div style=\"font-size: 0px; height: 0px; line-height: 0px; margin: 0; padding: 0; clear: both;\"><\/div>","protected":false},"excerpt":{"rendered":"<p>Constrangimento: Paulo Bilynskyj busca ajuda para explicar emenda PIX de R$ 3,1 milh\u00f5es.<\/p>\n","protected":false},"author":1,"featured_media":3481,"comment_status":"","ping_status":"","sticky":false,"template":"","format":"standard","meta":{"footnotes":""},"categories":[9],"tags":[],"class_list":["post-3482","post","type-post","status-publish","format-standard","has-post-thumbnail","hentry","category-noticias-americana","has_thumb"],"aioseo_notices":[],"_links":{"self":[{"href":"https:\/\/www.encontraamericana.com.br\/sobre\/wp-json\/wp\/v2\/posts\/3482","targetHints":{"allow":["GET"]}}],"collection":[{"href":"https:\/\/www.encontraamericana.com.br\/sobre\/wp-json\/wp\/v2\/posts"}],"about":[{"href":"https:\/\/www.encontraamericana.com.br\/sobre\/wp-json\/wp\/v2\/types\/post"}],"author":[{"embeddable":true,"href":"https:\/\/www.encontraamericana.com.br\/sobre\/wp-json\/wp\/v2\/users\/1"}],"replies":[{"embeddable":true,"href":"https:\/\/www.encontraamericana.com.br\/sobre\/wp-json\/wp\/v2\/comments?post=3482"}],"version-history":[{"count":0,"href":"https:\/\/www.encontraamericana.com.br\/sobre\/wp-json\/wp\/v2\/posts\/3482\/revisions"}],"wp:featuredmedia":[{"embeddable":true,"href":"https:\/\/www.encontraamericana.com.br\/sobre\/wp-json\/wp\/v2\/media\/3481"}],"wp:attachment":[{"href":"https:\/\/www.encontraamericana.com.br\/sobre\/wp-json\/wp\/v2\/media?parent=3482"}],"wp:term":[{"taxonomy":"category","embeddable":true,"href":"https:\/\/www.encontraamericana.com.br\/sobre\/wp-json\/wp\/v2\/categories?post=3482"},{"taxonomy":"post_tag","embeddable":true,"href":"https:\/\/www.encontraamericana.com.br\/sobre\/wp-json\/wp\/v2\/tags?post=3482"}],"curies":[{"name":"wp","href":"https:\/\/api.w.org\/{rel}","templated":true}]}}