{"id":3496,"date":"2026-04-24T07:01:44","date_gmt":"2026-04-24T10:01:44","guid":{"rendered":"https:\/\/www.encontraamericana.com.br\/sobre\/americana-recebe-giro-pro-territorio-para-qualificacao-profissional-ligada-a-cultura\/"},"modified":"2026-04-24T07:01:44","modified_gmt":"2026-04-24T10:01:44","slug":"americana-recebe-giro-pro-territorio-para-qualificacao-profissional-ligada-a-cultura","status":"publish","type":"post","link":"https:\/\/www.encontraamericana.com.br\/sobre\/americana-recebe-giro-pro-territorio-para-qualificacao-profissional-ligada-a-cultura\/","title":{"rendered":"Americana recebe GIRO PRO Territ\u00f3rio para qualifica\u00e7\u00e3o profissional ligada \u00e0 cultura"},"content":{"rendered":"<div class=\"a5b19addc3b60ae39ffd01daa729d676\" data-index=\"1\" style=\"float: none; margin:0px;\">\n<!-- Anuncio display - global -->\r\n<ins class=\"adsbygoogle\"\r\n     style=\"display:block\"\r\n     data-ad-client=\"ca-pub-8585364105181520\"\r\n     data-ad-slot=\"8789329856\"\r\n     data-ad-format=\"auto\"\r\n     data-full-width-responsive=\"true\"><\/ins>\r\n<script>\r\n     (adsbygoogle = window.adsbygoogle || []).push({});\r\n<\/script>\n<\/div>\n<h2>O que \u00e9 o GIRO PRO Territ\u00f3rio?<\/h2>\n<p>O GIRO PRO Territ\u00f3rio \u00e9 uma iniciativa promovida pelo Governo de S\u00e3o Paulo que se concentra na qualifica\u00e7\u00e3o de profissionais no setor cultural e criativo. Este programa, que ocorrer\u00e1 no dia 7 de maio, \u00e0s 18h30, no Audit\u00f3rio do CCL (Centro de Cultura e Lazer), \u00e9 destinado a artistas, produtores culturais e ao p\u00fablico em geral que tenha interesse em ingressar ou se aprimorar nas \u00e1reas criativas. O GIRO PRO \u00e9 uma excelente oportunidade para quem atua em \u00e1reas como maquiagem, cabeleireiro, costura, entre outras profiss\u00f5es ligadas \u00e0 cultura.<\/p>\n<h2>Import\u00e2ncia da Qualifica\u00e7\u00e3o Profissional na Cultura<\/h2>\n<p>A qualifica\u00e7\u00e3o profissional \u00e9 vital para o desenvolvimento do setor cultural. Com o crescimento das ind\u00fastrias criativas, a necessidade de forma\u00e7\u00e3o especializada se torna ainda mais evidente. O GIRO PRO contribui para isso, elevando o n\u00edvel de compet\u00eancia entre os profissionais e possibilitando um interc\u00e2mbio de conhecimentos que fortalece a cultura local. A capacita\u00e7\u00e3o cont\u00ednua n\u00e3o apenas melhora as habilidades individuais, mas tamb\u00e9m potencializa a criatividade e a inova\u00e7\u00e3o dentro das comunidades, fomentando um ambiente mais din\u00e2mico e colaborativo.<\/p>\n<h2>Como Participar do GIRO PRO em Americana<\/h2>\n<p>Para se inscrever no evento do GIRO PRO, os interessados devem acessar o site da Prefeitura de Americana, onde encontrar\u00e3o um banner espec\u00edfico para o evento. As inscri\u00e7\u00f5es s\u00e3o abertas a todos e a participa\u00e7\u00e3o \u00e9 gratuita, com uma classifica\u00e7\u00e3o indicativa de 16 anos. Esta \u00e9 uma oportunidade \u00fanica para se conectar com outros profissionais do segmento e adquirir novos conhecimentos.<\/p>\n<p><img decoding=\"async\" src=\"https:\/\/www.encontraamericana.com.br\/sobre\/wp-content\/uploads\/americana-recebe-giro-pro-territorio-para-qualificacao-profissional-ligada-a-cultura.webp\" alt=\"GIRO PRO Territ\u00f3rio\" loading=\"lazy\" \/><\/p>\n<h2>Os Benef\u00edcios da Inova\u00e7\u00e3o no Setor Cultural<\/h2>\n<p>A inova\u00e7\u00e3o \u00e9 um dos pilares do desenvolvimento cultural. Ao integrar novas metodologias e tecnologias, os profissionais se tornam mais adapt\u00e1veis \u00e0s mudan\u00e7as do mercado. O GIRO PRO vai al\u00e9m da pr\u00e1tica art\u00edstica, oferecendo um espa\u00e7o para a reflex\u00e3o sobre os desafios que os artistas enfrentam e as solu\u00e7\u00f5es inovadoras que podem ser aplicadas. Essa troca de ideias se torna um motor de transforma\u00e7\u00e3o para as comunidades, destacando talentos e promovendo novas formas de express\u00e3o cultural.<\/p>\n<h2>Masterclass: O que esperar do evento?<\/h2>\n<p>O evento contar\u00e1 com uma masterclass, que servir\u00e1 como a introdu\u00e7\u00e3o ao programa CULTSP PRO e as diferentes escolas que fazem parte dele. Durante essa sess\u00e3o, os participantes ter\u00e3o a oportunidade de conhecer mais sobre as forma\u00e7\u00f5es oferecidas, suas especificidades e como podem se beneficiar. Os palestrantes trar\u00e3o uma vis\u00e3o abrangente sobre as potencialidades do setor e as oportunidades de capacita\u00e7\u00e3o dispon\u00edveis.<\/p>\n<h2>Semin\u00e1rio &#8216;Laborat\u00f3rio de Futuros&#8217;: Oportunidades e Desafios<\/h2>\n<p>A segunda parte do GIRO PRO \u00e9 dedicada ao Semin\u00e1rio &#8216;Laborat\u00f3rio de Futuros&#8217;. Durante este semin\u00e1rio, haver\u00e1 discuss\u00f5es sobre o mapeamento de territ\u00f3rios e como identificar as necessidades e voca\u00e7\u00f5es espec\u00edficas de cada munic\u00edpio. Esse exerc\u00edcio de diagn\u00f3stico \u00e9 crucial para formular futuras iniciativas de forma\u00e7\u00e3o, garantindo que o conte\u00fado oferecido atenda efetivamente \u00e0s demandas locais. Com base nesse mapeamento, poder\u00e3o ser propostas novas a\u00e7\u00f5es voltadas ao crescimento do setor cultural e criativo.<\/p>\n<h2>Perfil do P\u00fablico: Quem pode participar?<\/h2>\n<p>O GIRO PRO \u00e9 voltado a um p\u00fablico bastante diverso, incluindo artistas de v\u00e1rias disciplinas, produtores culturais, e quaisquer cidad\u00e3os que tenham interesse em explorar o setor criativo. Os participantes podem vir de \u00e1reas como dan\u00e7a, teatro, m\u00fasica, artes visuais, moda, design e mais, oferecendo um rico ambiente de troca cultural. Ao reunir diferentes perspectivas, o evento promove uma constru\u00e7\u00e3o coletiva de conhecimento que beneficia toda a comunidade art\u00edstica da regi\u00e3o.<\/p>\n<h2>A Rela\u00e7\u00e3o entre o Governador e a Cultura Local<\/h2>\n<p>O prefeito de Americana, Chico Sardelli, tem estabelecido uma colabora\u00e7\u00e3o significativa com o governo estadual, sob a gest\u00e3o do governador Tarc\u00edsio de Freitas, especialmente no que tange \u00e0s iniciativas culturais. A realiza\u00e7\u00e3o de eventos como o GIRO PRO \u00e9 resultado dessas parcerias frut\u00edferas, que visam n\u00e3o apenas a promo\u00e7\u00e3o de grandes eventos, mas tamb\u00e9m o fortalecimento das atividades formativas. Tais colabora\u00e7\u00f5es demonstram o compromisso m\u00fatuo em impulsionar o desenvolvimento cultural da cidade.<\/p>\n<h2>CULTSP PRO: Conhe\u00e7a as Escolas de Profissionais da Cultura<\/h2>\n<p>O programa CULTSP PRO &#8211; Escolas de Profissionais da Cultura \u00e9 uma rede abrangente de forma\u00e7\u00e3o que se divide em seis escolas tem\u00e1ticas. Cada escola abrange \u00e1reas essenciais como artes c\u00eanicas, produ\u00e7\u00e3o musical, curadoria e gest\u00e3o, design gr\u00e1fico, moda sustent\u00e1vel, gastronomia, entre outras. Essa variedade proporciona uma forma\u00e7\u00e3o completa e diversificada, adaptada \u00e0s necessidades do setor cultural, garantindo que os profissionais adquiram habilidades relevantes e contempor\u00e2neas.<\/p>\n<h2>Como a Comunidade Art\u00edstica Pode se Beneficiar?<\/h2>\n<p>A participa\u00e7\u00e3o no GIRO PRO oferece diversas vantagens para a comunidade art\u00edstica. Os profissionais n\u00e3o apenas ampliam seus conhecimentos, mas tamb\u00e9m t\u00eam acesso a uma rede de contatos valiosos. O encontro promove a colabora\u00e7\u00e3o entre artistas, criadores e institui\u00e7\u00f5es, possibilitando a troca de experi\u00eancias e a constru\u00e7\u00e3o de novos projetos. Al\u00e9m disso, a visibilidade que um evento deste porte pode oferecer pode abrir portas para novas oportunidades, seja em eventos, exposi\u00e7\u00f5es ou projetos de forma\u00e7\u00e3o.<\/p>\n<p>O GIRO PRO Territ\u00f3rio \u00e9 mais que um evento; \u00e9 uma chance de transforma\u00e7\u00e3o e crescimento. Portanto, a participa\u00e7\u00e3o de todos os interessados \u00e9 essencial para valorizar e potencializar a cultura em Americana e em toda a regi\u00e3o.<\/p>\n\n<div style=\"font-size: 0px; height: 0px; line-height: 0px; margin: 0; padding: 0; clear: both;\"><\/div>","protected":false},"excerpt":{"rendered":"<p>O GIRO PRO est\u00e1 revolucionando a qualifica\u00e7\u00e3o profissional em Americana com foco na cultura.<\/p>\n","protected":false},"author":1,"featured_media":3495,"comment_status":"","ping_status":"","sticky":false,"template":"","format":"standard","meta":{"footnotes":""},"categories":[9],"tags":[],"class_list":["post-3496","post","type-post","status-publish","format-standard","has-post-thumbnail","hentry","category-noticias-americana","has_thumb"],"aioseo_notices":[],"_links":{"self":[{"href":"https:\/\/www.encontraamericana.com.br\/sobre\/wp-json\/wp\/v2\/posts\/3496","targetHints":{"allow":["GET"]}}],"collection":[{"href":"https:\/\/www.encontraamericana.com.br\/sobre\/wp-json\/wp\/v2\/posts"}],"about":[{"href":"https:\/\/www.encontraamericana.com.br\/sobre\/wp-json\/wp\/v2\/types\/post"}],"author":[{"embeddable":true,"href":"https:\/\/www.encontraamericana.com.br\/sobre\/wp-json\/wp\/v2\/users\/1"}],"replies":[{"embeddable":true,"href":"https:\/\/www.encontraamericana.com.br\/sobre\/wp-json\/wp\/v2\/comments?post=3496"}],"version-history":[{"count":0,"href":"https:\/\/www.encontraamericana.com.br\/sobre\/wp-json\/wp\/v2\/posts\/3496\/revisions"}],"wp:featuredmedia":[{"embeddable":true,"href":"https:\/\/www.encontraamericana.com.br\/sobre\/wp-json\/wp\/v2\/media\/3495"}],"wp:attachment":[{"href":"https:\/\/www.encontraamericana.com.br\/sobre\/wp-json\/wp\/v2\/media?parent=3496"}],"wp:term":[{"taxonomy":"category","embeddable":true,"href":"https:\/\/www.encontraamericana.com.br\/sobre\/wp-json\/wp\/v2\/categories?post=3496"},{"taxonomy":"post_tag","embeddable":true,"href":"https:\/\/www.encontraamericana.com.br\/sobre\/wp-json\/wp\/v2\/tags?post=3496"}],"curies":[{"name":"wp","href":"https:\/\/api.w.org\/{rel}","templated":true}]}}