{"id":456,"date":"2011-05-17T23:25:03","date_gmt":"2011-05-17T23:25:03","guid":{"rendered":"http:\/\/www.encontraamericana.com.br\/noticias\/?p=456"},"modified":"2019-04-29T20:39:20","modified_gmt":"2019-04-29T20:39:20","slug":"projeto-vai-proibir-fumo-em-pontos-de-onibus","status":"publish","type":"post","link":"https:\/\/www.encontraamericana.com.br\/sobre\/projeto-vai-proibir-fumo-em-pontos-de-onibus\/","title":{"rendered":"Projeto vai proibir fumo em pontos de \u00f4nibus em Americana"},"content":{"rendered":"<div class=\"a5b19addc3b60ae39ffd01daa729d676\" data-index=\"1\" style=\"float: none; margin:0px;\">\n<!-- Anuncio display - global -->\r\n<ins class=\"adsbygoogle\"\r\n     style=\"display:block\"\r\n     data-ad-client=\"ca-pub-8585364105181520\"\r\n     data-ad-slot=\"8789329856\"\r\n     data-ad-format=\"auto\"\r\n     data-full-width-responsive=\"true\"><\/ins>\r\n<script>\r\n     (adsbygoogle = window.adsbygoogle || []).push({});\r\n<\/script>\n<\/div>\n<p>Depois da aprova\u00e7\u00e3o da pol\u00eamica Lei Antifumo, em 2009, que entrou em  vigor antes mesmo da Lei Estadual,\u00a0 guia Americana poder\u00e1 restringir ainda  mais o fumo em ambientes coletivos da cidade. Trata-se de um projeto de  lei que est\u00e1 em elabora\u00e7\u00e3o pelo vereador Thiago Brochi (PSDB), que tem o  objetivo de proibir o consumo de cigarro tamb\u00e9m nos pontos de \u00f4nibus.<\/p>\n<p>O vereador disse que essa proibi\u00e7\u00e3o j\u00e1 existe em outros munic\u00edpios e  que a ideia surgiu a partir de uma situa\u00e7\u00e3o inc\u00f4moda que o vereador  presenciou em uma parada de \u00f4nibus. &#8220;Vi a situa\u00e7\u00e3o de uma gr\u00e1vida que  estava no ponto de \u00f4nibus ao lado de um fumante. Ela era obrigada a  ficar no ponto porque o sol estava muito forte e, ao mesmo tempo, n\u00e3o  podia falar nada para a pessoa que estava fumando&#8221;, contou.<\/p>\n<p>O vereador ainda pretende se reunir com representantes da Uvisa  (Unidade de Vigil\u00e2ncia em Sa\u00fade) para discutir as formas de  fiscaliza\u00e7\u00e3o. Um grupo que atua na \u00e1rea do antitabagismo tamb\u00e9m dever\u00e1  ser consultado. O parlamentar ainda vai buscar informa\u00e7\u00f5es junto \u00e0  Setransv (Secretaria de Transportes e Sistema Vi\u00e1rio). A ideia \u00e9 fazer a  demarca\u00e7\u00e3o no ch\u00e3o do espa\u00e7o onde ser\u00e1 proibido fumar, em uma \u00e1rea de  dois metros de cada lado do ponto.<\/p>\n<p>&#8220;No pr\u00f3prio ponto tamb\u00e9m ser\u00e1 colocada uma placa com a proibi\u00e7\u00e3o do  fumo&#8221;, explicou o vereador. &#8220;Apesar de o ponto de \u00f4nibus n\u00e3o ser um  ambiente fechado, fica dif\u00edcil n\u00e3o compartilhar a fuma\u00e7a em um espa\u00e7o de  poucos metros quadrados&#8221;. Ele acredita na aprova\u00e7\u00e3o do projeto, tendo  em vista que dever\u00e1 beneficiar a popula\u00e7\u00e3o na restri\u00e7\u00e3o ao tabagismo. &#8220;O  tabaco \u00e9 um problema de car\u00e1ter mundial. Ele mata mais do que o \u00e1lcool,  que a aids, acidentes de tr\u00e2nsito ou homic\u00eddios&#8221;, ressaltou.<\/p>\n<p>O projeto de lei vai envolver a proibi\u00e7\u00e3o do fumo n\u00e3o s\u00f3 de cigarros,  mas tamb\u00e9m de cigarrilhas, charutos ou qualquer outro produto fum\u00edgeno.  A Lei Municipal 4.794\/09, que proibiu o consumo de cigarro em ambientes  de uso coletivo em Americana, est\u00e1 em vigor h\u00e1 dois anos. A altera\u00e7\u00e3o  na lei foi discutida na semana passada por Brochi com o pr\u00f3prio autor,  Cau\u00ea Macris (PSDB), que atualmente \u00e9 deputado estadual.<br \/>\n<em><br \/>\nFonte: O Liberal<\/em><\/p>\n\n<div style=\"font-size: 0px; height: 0px; line-height: 0px; margin: 0; padding: 0; clear: both;\"><\/div>","protected":false},"excerpt":{"rendered":"<p>Depois da aprova\u00e7\u00e3o da pol\u00eamica Lei Antifumo, em 2009, que entrou em vigor antes mesmo da Lei Estadual,\u00a0 guia Americana poder\u00e1 restringir ainda mais o fumo em ambientes coletivos da cidade. Trata-se de um projeto de lei que est\u00e1 em elabora\u00e7\u00e3o pelo vereador Thiago Brochi (PSDB), que tem o objetivo de proibir o consumo de cigarro tamb\u00e9m nos pontos de \u00f4nibus. O vereador disse que essa proibi\u00e7\u00e3o j\u00e1 existe em outros munic\u00edpios e que a ideia surgiu a partir de uma situa\u00e7\u00e3o inc\u00f4moda que o vereador presenciou em uma parada de \u00f4nibus. &#8220;Vi a situa\u00e7\u00e3o de uma gr\u00e1vida que estava <\/p>\n","protected":false},"author":1,"featured_media":0,"comment_status":"open","ping_status":"closed","sticky":false,"template":"","format":"standard","meta":{"footnotes":""},"categories":[9],"tags":[],"class_list":["post-456","post","type-post","status-publish","format-standard","hentry","category-noticias-americana"],"aioseo_notices":[],"_links":{"self":[{"href":"https:\/\/www.encontraamericana.com.br\/sobre\/wp-json\/wp\/v2\/posts\/456","targetHints":{"allow":["GET"]}}],"collection":[{"href":"https:\/\/www.encontraamericana.com.br\/sobre\/wp-json\/wp\/v2\/posts"}],"about":[{"href":"https:\/\/www.encontraamericana.com.br\/sobre\/wp-json\/wp\/v2\/types\/post"}],"author":[{"embeddable":true,"href":"https:\/\/www.encontraamericana.com.br\/sobre\/wp-json\/wp\/v2\/users\/1"}],"replies":[{"embeddable":true,"href":"https:\/\/www.encontraamericana.com.br\/sobre\/wp-json\/wp\/v2\/comments?post=456"}],"version-history":[{"count":0,"href":"https:\/\/www.encontraamericana.com.br\/sobre\/wp-json\/wp\/v2\/posts\/456\/revisions"}],"wp:attachment":[{"href":"https:\/\/www.encontraamericana.com.br\/sobre\/wp-json\/wp\/v2\/media?parent=456"}],"wp:term":[{"taxonomy":"category","embeddable":true,"href":"https:\/\/www.encontraamericana.com.br\/sobre\/wp-json\/wp\/v2\/categories?post=456"},{"taxonomy":"post_tag","embeddable":true,"href":"https:\/\/www.encontraamericana.com.br\/sobre\/wp-json\/wp\/v2\/tags?post=456"}],"curies":[{"name":"wp","href":"https:\/\/api.w.org\/{rel}","templated":true}]}}