{"id":667,"date":"2011-08-12T15:44:28","date_gmt":"2011-08-12T15:44:28","guid":{"rendered":"http:\/\/www.encontraamericana.com.br\/noticias\/?p=667"},"modified":"2019-04-29T20:39:16","modified_gmt":"2019-04-29T20:39:16","slug":"americana-policia-militar-abre-53-vagas-para-auxiliar-na-rpt","status":"publish","type":"post","link":"https:\/\/www.encontraamericana.com.br\/sobre\/americana-policia-militar-abre-53-vagas-para-auxiliar-na-rpt\/","title":{"rendered":"Americana: Pol\u00edcia Militar abre 53 vagas para auxiliar na RPT"},"content":{"rendered":"<div class=\"a5b19addc3b60ae39ffd01daa729d676\" data-index=\"1\" style=\"float: none; margin:0px;\">\n<!-- Anuncio display - global -->\r\n<ins class=\"adsbygoogle\"\r\n     style=\"display:block\"\r\n     data-ad-client=\"ca-pub-8585364105181520\"\r\n     data-ad-slot=\"8789329856\"\r\n     data-ad-format=\"auto\"\r\n     data-full-width-responsive=\"true\"><\/ins>\r\n<script>\r\n     (adsbygoogle = window.adsbygoogle || []).push({});\r\n<\/script>\n<\/div>\n<p>S\u00e3o 53 vagas nas cidades que comp\u00f5e a RPT (Regi\u00e3o do Polo T\u00eaxtil), sendo  24 em guia Americana, 22 em Sumar\u00e9, quatro em Santa B\u00e1rbara d&#8217;Oeste e tr\u00eas  em Hortol\u00e2ndia &#8211; o edital n\u00e3o indica vagas em Nova Odessa.<\/p>\n<p>O per\u00edodo de inscri\u00e7\u00e3o termina no dia 2 de setembro, \u00e0s 16 horas,  enquanto a prova escrita est\u00e1 marcada para 16 de outubro, \u00e0s 14 horas,  em local a ser divulgado.<\/p>\n<p>Os postos tamb\u00e9m est\u00e3o dispon\u00edveis para a Capital, a Regi\u00e3o Metropolitana de S\u00e3o Paulo e demais munic\u00edpios do Interior.<\/p>\n<p>O interessado na presta\u00e7\u00e3o do servi\u00e7o auxiliar volunt\u00e1rio dever\u00e1 ser  aprovado em todas as etapas do processo seletivo, incluindo as provas  f\u00edsicas e as te\u00f3ricas.<\/p>\n<p><em>Fonte: Jornal o Liberal<\/em><\/p>\n\n<div style=\"font-size: 0px; height: 0px; line-height: 0px; margin: 0; padding: 0; clear: both;\"><\/div>","protected":false},"excerpt":{"rendered":"<p>S\u00e3o 53 vagas nas cidades que comp\u00f5e a RPT (Regi\u00e3o do Polo T\u00eaxtil), sendo 24 em guia Americana, 22 em Sumar\u00e9, quatro em Santa B\u00e1rbara d&#8217;Oeste e tr\u00eas em Hortol\u00e2ndia &#8211; o edital n\u00e3o indica vagas em Nova Odessa. O per\u00edodo de inscri\u00e7\u00e3o termina no dia 2 de setembro, \u00e0s 16 horas, enquanto a prova escrita est\u00e1 marcada para 16 de outubro, \u00e0s 14 horas, em local a ser divulgado. Os postos tamb\u00e9m est\u00e3o dispon\u00edveis para a Capital, a Regi\u00e3o Metropolitana de S\u00e3o Paulo e demais munic\u00edpios do Interior. O interessado na presta\u00e7\u00e3o do servi\u00e7o auxiliar volunt\u00e1rio dever\u00e1 ser aprovado <\/p>\n","protected":false},"author":1,"featured_media":0,"comment_status":"open","ping_status":"closed","sticky":false,"template":"","format":"standard","meta":{"footnotes":""},"categories":[9],"tags":[],"class_list":["post-667","post","type-post","status-publish","format-standard","hentry","category-noticias-americana"],"aioseo_notices":[],"_links":{"self":[{"href":"https:\/\/www.encontraamericana.com.br\/sobre\/wp-json\/wp\/v2\/posts\/667","targetHints":{"allow":["GET"]}}],"collection":[{"href":"https:\/\/www.encontraamericana.com.br\/sobre\/wp-json\/wp\/v2\/posts"}],"about":[{"href":"https:\/\/www.encontraamericana.com.br\/sobre\/wp-json\/wp\/v2\/types\/post"}],"author":[{"embeddable":true,"href":"https:\/\/www.encontraamericana.com.br\/sobre\/wp-json\/wp\/v2\/users\/1"}],"replies":[{"embeddable":true,"href":"https:\/\/www.encontraamericana.com.br\/sobre\/wp-json\/wp\/v2\/comments?post=667"}],"version-history":[{"count":0,"href":"https:\/\/www.encontraamericana.com.br\/sobre\/wp-json\/wp\/v2\/posts\/667\/revisions"}],"wp:attachment":[{"href":"https:\/\/www.encontraamericana.com.br\/sobre\/wp-json\/wp\/v2\/media?parent=667"}],"wp:term":[{"taxonomy":"category","embeddable":true,"href":"https:\/\/www.encontraamericana.com.br\/sobre\/wp-json\/wp\/v2\/categories?post=667"},{"taxonomy":"post_tag","embeddable":true,"href":"https:\/\/www.encontraamericana.com.br\/sobre\/wp-json\/wp\/v2\/tags?post=667"}],"curies":[{"name":"wp","href":"https:\/\/api.w.org\/{rel}","templated":true}]}}